{"id":14227,"date":"2022-01-19T13:14:59","date_gmt":"2022-01-19T11:14:59","guid":{"rendered":"https:\/\/www.carnsmila.com\/?p=14227"},"modified":"2022-02-01T12:28:43","modified_gmt":"2022-02-01T10:28:43","slug":"albert-garcia-castello-departamento-comercial","status":"publish","type":"post","link":"https:\/\/www.carnsmila.com\/es\/2022\/01\/19\/albert-garcia-castello-departamento-comercial\/","title":{"rendered":"Albert Garcia Castell\u00f3, al frente del departamento comercial"},"content":{"rendered":"\n<p>Damos la bienvenida a Albert Garcia a nuestra plantilla, que cuenta con una gran experiencia dentro del sector c\u00e1rnico y est\u00e1 m\u00e1s que familiarizado con nuestro campo.<\/p>\n\n<p>Albert Garcia est\u00e1 avalado por un extenso curr\u00edculum con m\u00e1s de 20 a\u00f1os en \u00e1reas de Ventas y Marketing en multinacionales B2B y B2C, es un gran comunicador especializado en gesti\u00f3n de mercados, productos y con gran conocimiento de los canales de distribuci\u00f3n.<\/p>\n\n<p>Con esta incorporaci\u00f3n reformamos nuestro cuadro directivo y reforzamos la trayectoria de profesionalizaci\u00f3n de la empresa. Albert Garcia har\u00e1 frente a los desaf\u00edos del a\u00f1o en curso: la consolidaci\u00f3n de la tendencia ascendente post pandemia y la apertura de nuevos mercados.<\/p>\n\n<div class=\"tb-button\" data-toolset-blocks-button=\"1cf9a97e6150709e31c533b9dad20024\"><a class=\"tb-button__link\" href=\"https:\/\/www.carnsmila.com\/wp-content\/uploads\/2022\/02\/Carns-Mila&#x300;-ndp-Albert-Garcia.pdf\"><i class=\"tb-button__icon\"><\/i><span class=\"tb-button__content\">Descarga la nota de prensa en PDF<\/span><\/a><\/div>\n\n<p><\/p>\n","protected":false},"excerpt":{"rendered":"<p>Damos la bienvenida a Albert Garcia a nuestra plantilla, que cuenta con una gran experiencia dentro del sector c\u00e1rnico y est\u00e1 m\u00e1s que familiarizado con nuestro campo.<\/p>\n","protected":false},"author":4,"featured_media":14236,"comment_status":"open","ping_status":"closed","sticky":false,"template":"","format":"standard","meta":{"_et_pb_use_builder":"off","_et_pb_old_content":"","_et_gb_content_width":"","footnotes":""},"categories":[67],"tags":[],"class_list":["post-14227","post","type-post","status-publish","format-standard","has-post-thumbnail","hentry","category-noticias-es"],"_links":{"self":[{"href":"https:\/\/www.carnsmila.com\/es\/wp-json\/wp\/v2\/posts\/14227","targetHints":{"allow":["GET"]}}],"collection":[{"href":"https:\/\/www.carnsmila.com\/es\/wp-json\/wp\/v2\/posts"}],"about":[{"href":"https:\/\/www.carnsmila.com\/es\/wp-json\/wp\/v2\/types\/post"}],"author":[{"embeddable":true,"href":"https:\/\/www.carnsmila.com\/es\/wp-json\/wp\/v2\/users\/4"}],"replies":[{"embeddable":true,"href":"https:\/\/www.carnsmila.com\/es\/wp-json\/wp\/v2\/comments?post=14227"}],"version-history":[{"count":6,"href":"https:\/\/www.carnsmila.com\/es\/wp-json\/wp\/v2\/posts\/14227\/revisions"}],"predecessor-version":[{"id":14313,"href":"https:\/\/www.carnsmila.com\/es\/wp-json\/wp\/v2\/posts\/14227\/revisions\/14313"}],"wp:featuredmedia":[{"embeddable":true,"href":"https:\/\/www.carnsmila.com\/es\/wp-json\/wp\/v2\/media\/14236"}],"wp:attachment":[{"href":"https:\/\/www.carnsmila.com\/es\/wp-json\/wp\/v2\/media?parent=14227"}],"wp:term":[{"taxonomy":"category","embeddable":true,"href":"https:\/\/www.carnsmila.com\/es\/wp-json\/wp\/v2\/categories?post=14227"},{"taxonomy":"post_tag","embeddable":true,"href":"https:\/\/www.carnsmila.com\/es\/wp-json\/wp\/v2\/tags?post=14227"}],"curies":[{"name":"wp","href":"https:\/\/api.w.org\/{rel}","templated":true}]}}